{"id":25208,"global_id":"igrejadagraca.pt\/en?id=25208","global_id_lineage":["igrejadagraca.pt\/en?id=25208"],"author":"2","status":"publish","date":"2024-11-15 16:35:47","date_utc":"2024-11-15 16:35:47","modified":"2024-12-18 09:55:08","modified_utc":"2024-12-18 09:55:08","url":"https:\/\/igrejadagraca.pt\/en\/event\/missa-da-sagrada-familia\/","rest_url":"https:\/\/igrejadagraca.pt\/en\/wp-json\/tribe\/events\/v1\/events\/25208","title":"Missa da Sagrada Fam\u00edlia","description":"<p>A Igreja da Gra\u00e7a vai celebrar a Missa da Sagrada Fam\u00edlia, a 29 de dezembro, \u00e0s 11h30. Na Igreja de S\u00e3o Vicente de Fora n\u00e3o haver\u00e1 a habitual celebra\u00e7\u00e3o das 19h00.<\/p>\n<p>A 29 de dezembro acontece, tamb\u00e9m, a abertura do Ano Jubilar:<br \/>\n&#8211; 15h00, igreja de S\u00e3o Domingos, in\u00edcio de Prociss\u00e3o<br \/>\n&#8211; 17h00, chegada \u00e0 S\u00e9 Patriarcal e celebra\u00e7\u00e3o da Missa<\/p>\n<p>&nbsp;<\/p>\n<p>&nbsp;<\/p>\n<p>&nbsp;<\/p>","excerpt":"","slug":"missa-da-sagrada-familia","image":{"url":"https:\/\/igrejadagraca.pt\/wp-content\/uploads\/2024\/11\/Sagrada-Familia-Agenda-Graca.jpg","id":25209,"extension":"jpg","width":410,"height":300,"filesize":28706,"sizes":{"medium":{"width":300,"height":220,"mime-type":"image\/jpeg","filesize":14279,"url":"https:\/\/igrejadagraca.pt\/wp-content\/uploads\/2024\/11\/Sagrada-Familia-Agenda-Graca-300x220.jpg"},"thumbnail":{"width":150,"height":150,"mime-type":"image\/jpeg","filesize":8123,"url":"https:\/\/igrejadagraca.pt\/wp-content\/uploads\/2024\/11\/Sagrada-Familia-Agenda-Graca-150x150.jpg"},"trp-custom-language-flag":{"width":16,"height":12,"mime-type":"image\/jpeg","filesize":4141,"url":"https:\/\/igrejadagraca.pt\/wp-content\/uploads\/2024\/11\/Sagrada-Familia-Agenda-Graca-16x12.jpg"},"post-thumbnail":{"width":370,"height":271,"mime-type":"image\/jpeg","filesize":18575,"url":"https:\/\/igrejadagraca.pt\/wp-content\/uploads\/2024\/11\/Sagrada-Familia-Agenda-Graca-370x271.jpg"},"grace-church-thumb-med":{"width":410,"height":230,"mime-type":"image\/jpeg","filesize":20473,"url":"https:\/\/igrejadagraca.pt\/wp-content\/uploads\/2024\/11\/Sagrada-Familia-Agenda-Graca-410x230.jpg"},"grace-church-thumb-tiny":{"width":120,"height":120,"mime-type":"image\/jpeg","filesize":6738,"url":"https:\/\/igrejadagraca.pt\/wp-content\/uploads\/2024\/11\/Sagrada-Familia-Agenda-Graca-120x120.jpg"},"woocommerce_gallery_thumbnail":{"width":150,"height":150,"mime-type":"image\/jpeg","filesize":8123,"url":"https:\/\/igrejadagraca.pt\/wp-content\/uploads\/2024\/11\/Sagrada-Familia-Agenda-Graca-150x150.jpg"},"trx_addons-thumb-small":{"width":270,"height":152,"mime-type":"image\/jpeg","filesize":11122,"url":"https:\/\/igrejadagraca.pt\/wp-content\/uploads\/2024\/11\/Sagrada-Familia-Agenda-Graca-270x152.jpg"},"trx_addons-thumb-portrait":{"width":370,"height":300,"mime-type":"image\/jpeg","filesize":21945,"url":"https:\/\/igrejadagraca.pt\/wp-content\/uploads\/2024\/11\/Sagrada-Familia-Agenda-Graca-370x300.jpg"},"trx_addons-thumb-avatar":{"width":370,"height":300,"mime-type":"image\/jpeg","filesize":21945,"url":"https:\/\/igrejadagraca.pt\/wp-content\/uploads\/2024\/11\/Sagrada-Familia-Agenda-Graca-370x300.jpg"}}},"all_day":false,"start_date":"2024-12-29 11:30:00","start_date_details":{"year":"2024","month":"12","day":"29","hour":"11","minutes":"30","seconds":"00"},"end_date":"2024-12-29 12:30:00","end_date_details":{"year":"2024","month":"12","day":"29","hour":"12","minutes":"30","seconds":"00"},"utc_start_date":"2024-12-29 11:30:00","utc_start_date_details":{"year":"2024","month":"12","day":"29","hour":"11","minutes":"30","seconds":"00"},"utc_end_date":"2024-12-29 12:30:00","utc_end_date_details":{"year":"2024","month":"12","day":"29","hour":"12","minutes":"30","seconds":"00"},"timezone":"Europe\/Lisbon","timezone_abbr":"WET","cost":"","cost_details":{"currency_symbol":"$","currency_code":"USD","currency_position":"prefix","values":[]},"website":"","show_map":true,"show_map_link":true,"hide_from_listings":false,"sticky":false,"featured":false,"categories":[{"name":"Celebra\u00e7\u00f5es","slug":"celebracao","term_group":0,"term_taxonomy_id":191,"taxonomy":"tribe_events_cat","description":"","parent":0,"count":44,"filter":"raw","id":191,"urls":{"self":"https:\/\/igrejadagraca.pt\/en\/wp-json\/tribe\/events\/v1\/categories\/191","collection":"https:\/\/igrejadagraca.pt\/en\/wp-json\/tribe\/events\/v1\/categories"}},{"name":"Par\u00f3quia","slug":"paroquia","term_group":0,"term_taxonomy_id":216,"taxonomy":"tribe_events_cat","description":"","parent":0,"count":59,"filter":"raw","id":216,"urls":{"self":"https:\/\/igrejadagraca.pt\/en\/wp-json\/tribe\/events\/v1\/categories\/216","collection":"https:\/\/igrejadagraca.pt\/en\/wp-json\/tribe\/events\/v1\/categories"}}],"tags":[],"venue":[],"organizer":[],"custom_fields":[],"json_ld":{"@context":"http:\/\/schema.org","@type":"Event","name":"Missa da Sagrada Fam\u00edlia","description":"&lt;p&gt;A Igreja da Gra\u00e7a vai celebrar a Missa da Sagrada Fam\u00edlia, a 29 de dezembro, \u00e0s 11h30. Na Igreja de S\u00e3o Vicente de Fora n\u00e3o haver\u00e1 a habitual celebra\u00e7\u00e3o das&hellip;&lt;\/p&gt;\\n","image":"https:\/\/igrejadagraca.pt\/wp-content\/uploads\/2024\/11\/Sagrada-Familia-Agenda-Graca.jpg","url":"https:\/\/igrejadagraca.pt\/en\/event\/missa-da-sagrada-familia\/","eventAttendanceMode":"https:\/\/schema.org\/OfflineEventAttendanceMode","eventStatus":"https:\/\/schema.org\/EventScheduled","startDate":"2024-12-29T11:30:00+00:00","endDate":"2024-12-29T12:30:00+00:00","performer":"Organization"}}